{"id":22027,"date":"2021-12-30T10:44:00","date_gmt":"2021-12-30T14:44:00","guid":{"rendered":"https:\/\/jardininfantilonline.cl\/?p=22027"},"modified":"2022-01-21T10:52:45","modified_gmt":"2022-01-21T14:52:45","slug":"pandemials-mas-de-200-alumnos-de-preescolar-ya-se-han-graduado-de-forma-100-online","status":"publish","type":"post","link":"https:\/\/jardininfantilonline.cl\/index.php\/2021\/12\/30\/pandemials-mas-de-200-alumnos-de-preescolar-ya-se-han-graduado-de-forma-100-online\/","title":{"rendered":"Pandemials: M\u00e1s de 200 alumnos de preescolar ya se han graduado de forma 100% online"},"content":{"rendered":"<p>Es probable que muchos de nosotros hayamos pensado a principio de esta pandemia en que los ni\u00f1os de preescolar ser\u00edan los m\u00e1s afectados, ya que por su corta edad 2 a 5 a\u00f1os, no ser\u00edan capaces de mantenerse conectados y concentrados frente a una pantalla. Pero la verdad es otra muy diferente ya que estamos frente a una generaci\u00f3n de nativos digitales.<\/p>\n<p>Jard\u00edn Infantil Online es un proyecto chileno de educaci\u00f3n preescolar, ha finalizado su segundo a\u00f1o con un rotundo \u00e9xito, alcanzando a m\u00e1s de 350 familias y graduando a m\u00e1s de 200 estudiantes durante estos a\u00f1os principalmente de Chile y otros pa\u00edses de habla hispana.<\/p>\n<p>Su modalidad online ha permitido a las familias dar inicio y continuidad al desarrollo de sus hijos, permiti\u00e9ndoles a los ni\u00f1os de esta generaci\u00f3n desarrollar habilidades de sociabilizaci\u00f3n compartiendo con sus compa\u00f1eros y logrando una relaci\u00f3n que va m\u00e1s all\u00e1 de la pantalla, que nosotros como generaci\u00f3n que creci\u00f3 f\u00edsicamente junto a sus pares no cre\u00edamos capaz, rompiendo con las barreras socioecon\u00f3micas y culturales compartiendo con ni\u00f1os de todo Chile y el mundo.<\/p>\n<p>Adicionalmente permiti\u00f3 desarrolla sus habilidades motoras, aprender a leer y escribir a trav\u00e9s de talleres e incorporar tempranamente el ingl\u00e9s y el mapudungun, cumpliendo con los objetivos de desarrollo correspondientes a su nivel, manteni\u00e9ndolos siempre motivados y con ganas de aprender a trav\u00e9s de una rutina que les da estabilidad, el uso de videos y actividades entretenidas.<\/p>\n<p><em>\u201cAntonella a quedado con una muy buena base para iniciar su escolaridad el pr\u00f3ximo a\u00f1o\u201d<\/em> declara Felipe uno de los Padres del Jard\u00edn.<\/p>\n<p>Estos a\u00f1os han permitido a los padres vivir una de las mejores experiencias con sus hijos, que es hacer el preescolar junto a ellos, viendolos crecer y aprender en la seguridad del fuero familiar. Y este proyecto ha permitido a muchas familias de regiones, sectores aislados, familias chilenas en otras partes del mundo o con hijos con salud fr\u00e1gil acceder a educaci\u00f3n digna y de calidad.<\/p>\n<p><em>\u201cEste jard\u00edn online nos dio la oportunidad de que Vicente pudiera interactuar con ni\u00f1os, aunque sea a trav\u00e9s de la pantalla, es un jard\u00edn muy estructurado que nos sirve para poder hacer actividades que necesitan los ni\u00f1os a la necesidad de ellos.\u201d<\/em> declara Roxana madre de Vicente un ni\u00f1o con discapacidad f\u00edsica que ha participado por m\u00e1s de un a\u00f1o y medio en esta modalidad online.<\/p>\n<p>Jard\u00edn Infantil Online ya proyecta su continuidad de matriculas para este 2022 por qu\u00e9 el online lleg\u00f3 para quedarse en los corazones de quienes se formar\u00e1n en \u00e9l, tomando todas las medidas referentes al uso de pantalla en menores de 6 a\u00f1os de acuerdo a las recomendaciones del Mineduc y la OMS.<\/p>\n<p><\/p>\n<p>El proyecto chileno espera seguir creciendo y apoyando a todas las familias que opten por esta nueva modalidad, inscribi\u00e9ndose en la plataforma web <a href=\"http:\/\/www.jardininfantilonline.cl\">www.jardininfantilonline.cl<\/a><\/p>\n<div id='gallery-1' class='gallery galleryid-22027 gallery-columns-3 gallery-size-large'><figure class='gallery-item'>\n\t\t\t<div class='gallery-icon landscape'>\n\t\t\t\t<a href='https:\/\/jardininfantilonline.cl\/index.php\/2021\/12\/30\/pandemials-mas-de-200-alumnos-de-preescolar-ya-se-han-graduado-de-forma-100-online\/jio-graduacion2021-a\/'><img fetchpriority=\"high\" decoding=\"async\" width=\"800\" height=\"800\" src=\"https:\/\/jardininfantilonline.cl\/wp-content\/uploads\/2022\/01\/JIO-Graduacion2021-A-1024x1024.png\" class=\"attachment-large size-large\" alt=\"\" srcset=\"https:\/\/jardininfantilonline.cl\/wp-content\/uploads\/2022\/01\/JIO-Graduacion2021-A-1024x1024.png 1024w, https:\/\/jardininfantilonline.cl\/wp-content\/uploads\/2022\/01\/JIO-Graduacion2021-A-300x300.png 300w, https:\/\/jardininfantilonline.cl\/wp-content\/uploads\/2022\/01\/JIO-Graduacion2021-A-150x150.png 150w, https:\/\/jardininfantilonline.cl\/wp-content\/uploads\/2022\/01\/JIO-Graduacion2021-A-768x768.png 768w, https:\/\/jardininfantilonline.cl\/wp-content\/uploads\/2022\/01\/JIO-Graduacion2021-A-600x600.png 600w, https:\/\/jardininfantilonline.cl\/wp-content\/uploads\/2022\/01\/JIO-Graduacion2021-A-100x100.png 100w, https:\/\/jardininfantilonline.cl\/wp-content\/uploads\/2022\/01\/JIO-Graduacion2021-A.png 1200w\" sizes=\"(max-width: 800px) 100vw, 800px\" \/><\/a>\n\t\t\t<\/div><\/figure><figure class='gallery-item'>\n\t\t\t<div class='gallery-icon landscape'>\n\t\t\t\t<a href='https:\/\/jardininfantilonline.cl\/index.php\/2021\/12\/30\/pandemials-mas-de-200-alumnos-de-preescolar-ya-se-han-graduado-de-forma-100-online\/jio-graduacion2021-b\/'><img decoding=\"async\" width=\"800\" height=\"800\" src=\"https:\/\/jardininfantilonline.cl\/wp-content\/uploads\/2022\/01\/JIO-Graduacion2021-B-1024x1024.png\" class=\"attachment-large size-large\" alt=\"\" srcset=\"https:\/\/jardininfantilonline.cl\/wp-content\/uploads\/2022\/01\/JIO-Graduacion2021-B-1024x1024.png 1024w, https:\/\/jardininfantilonline.cl\/wp-content\/uploads\/2022\/01\/JIO-Graduacion2021-B-300x300.png 300w, https:\/\/jardininfantilonline.cl\/wp-content\/uploads\/2022\/01\/JIO-Graduacion2021-B-150x150.png 150w, https:\/\/jardininfantilonline.cl\/wp-content\/uploads\/2022\/01\/JIO-Graduacion2021-B-768x768.png 768w, https:\/\/jardininfantilonline.cl\/wp-content\/uploads\/2022\/01\/JIO-Graduacion2021-B-600x600.png 600w, https:\/\/jardininfantilonline.cl\/wp-content\/uploads\/2022\/01\/JIO-Graduacion2021-B-100x100.png 100w, https:\/\/jardininfantilonline.cl\/wp-content\/uploads\/2022\/01\/JIO-Graduacion2021-B.png 1200w\" sizes=\"(max-width: 800px) 100vw, 800px\" \/><\/a>\n\t\t\t<\/div><\/figure><figure class='gallery-item'>\n\t\t\t<div class='gallery-icon landscape'>\n\t\t\t\t<a href='https:\/\/jardininfantilonline.cl\/index.php\/2021\/12\/30\/pandemials-mas-de-200-alumnos-de-preescolar-ya-se-han-graduado-de-forma-100-online\/jio-graduacion2021-c\/'><img decoding=\"async\" width=\"800\" height=\"800\" src=\"https:\/\/jardininfantilonline.cl\/wp-content\/uploads\/2022\/01\/JIO-Graduacion2021-C-1024x1024.png\" class=\"attachment-large size-large\" alt=\"\" srcset=\"https:\/\/jardininfantilonline.cl\/wp-content\/uploads\/2022\/01\/JIO-Graduacion2021-C-1024x1024.png 1024w, https:\/\/jardininfantilonline.cl\/wp-content\/uploads\/2022\/01\/JIO-Graduacion2021-C-300x300.png 300w, https:\/\/jardininfantilonline.cl\/wp-content\/uploads\/2022\/01\/JIO-Graduacion2021-C-150x150.png 150w, https:\/\/jardininfantilonline.cl\/wp-content\/uploads\/2022\/01\/JIO-Graduacion2021-C-768x768.png 768w, https:\/\/jardininfantilonline.cl\/wp-content\/uploads\/2022\/01\/JIO-Graduacion2021-C-600x600.png 600w, https:\/\/jardininfantilonline.cl\/wp-content\/uploads\/2022\/01\/JIO-Graduacion2021-C-100x100.png 100w, https:\/\/jardininfantilonline.cl\/wp-content\/uploads\/2022\/01\/JIO-Graduacion2021-C.png 1200w\" sizes=\"(max-width: 800px) 100vw, 800px\" \/><\/a>\n\t\t\t<\/div><\/figure><figure class='gallery-item'>\n\t\t\t<div class='gallery-icon landscape'>\n\t\t\t\t<a href='https:\/\/jardininfantilonline.cl\/index.php\/2021\/12\/30\/pandemials-mas-de-200-alumnos-de-preescolar-ya-se-han-graduado-de-forma-100-online\/jio-graduacion2021-d\/'><img loading=\"lazy\" decoding=\"async\" width=\"800\" height=\"800\" src=\"https:\/\/jardininfantilonline.cl\/wp-content\/uploads\/2022\/01\/JIO-Graduacion2021-D-1024x1024.png\" class=\"attachment-large size-large\" alt=\"\" srcset=\"https:\/\/jardininfantilonline.cl\/wp-content\/uploads\/2022\/01\/JIO-Graduacion2021-D-1024x1024.png 1024w, https:\/\/jardininfantilonline.cl\/wp-content\/uploads\/2022\/01\/JIO-Graduacion2021-D-300x300.png 300w, https:\/\/jardininfantilonline.cl\/wp-content\/uploads\/2022\/01\/JIO-Graduacion2021-D-150x150.png 150w, https:\/\/jardininfantilonline.cl\/wp-content\/uploads\/2022\/01\/JIO-Graduacion2021-D-768x768.png 768w, https:\/\/jardininfantilonline.cl\/wp-content\/uploads\/2022\/01\/JIO-Graduacion2021-D-600x600.png 600w, https:\/\/jardininfantilonline.cl\/wp-content\/uploads\/2022\/01\/JIO-Graduacion2021-D-100x100.png 100w, https:\/\/jardininfantilonline.cl\/wp-content\/uploads\/2022\/01\/JIO-Graduacion2021-D.png 1200w\" sizes=\"(max-width: 800px) 100vw, 800px\" \/><\/a>\n\t\t\t<\/div><\/figure><figure class='gallery-item'>\n\t\t\t<div class='gallery-icon landscape'>\n\t\t\t\t<a href='https:\/\/jardininfantilonline.cl\/index.php\/2021\/12\/30\/pandemials-mas-de-200-alumnos-de-preescolar-ya-se-han-graduado-de-forma-100-online\/jio-graduacion2021-e\/'><img loading=\"lazy\" decoding=\"async\" width=\"800\" height=\"800\" src=\"https:\/\/jardininfantilonline.cl\/wp-content\/uploads\/2022\/01\/JIO-Graduacion2021-E-1024x1024.png\" class=\"attachment-large size-large\" alt=\"\" srcset=\"https:\/\/jardininfantilonline.cl\/wp-content\/uploads\/2022\/01\/JIO-Graduacion2021-E-1024x1024.png 1024w, https:\/\/jardininfantilonline.cl\/wp-content\/uploads\/2022\/01\/JIO-Graduacion2021-E-300x300.png 300w, https:\/\/jardininfantilonline.cl\/wp-content\/uploads\/2022\/01\/JIO-Graduacion2021-E-150x150.png 150w, https:\/\/jardininfantilonline.cl\/wp-content\/uploads\/2022\/01\/JIO-Graduacion2021-E-768x768.png 768w, https:\/\/jardininfantilonline.cl\/wp-content\/uploads\/2022\/01\/JIO-Graduacion2021-E-600x600.png 600w, https:\/\/jardininfantilonline.cl\/wp-content\/uploads\/2022\/01\/JIO-Graduacion2021-E-100x100.png 100w, https:\/\/jardininfantilonline.cl\/wp-content\/uploads\/2022\/01\/JIO-Graduacion2021-E.png 1200w\" sizes=\"(max-width: 800px) 100vw, 800px\" \/><\/a>\n\t\t\t<\/div><\/figure><figure class='gallery-item'>\n\t\t\t<div class='gallery-icon landscape'>\n\t\t\t\t<a href='https:\/\/jardininfantilonline.cl\/index.php\/2021\/12\/30\/pandemials-mas-de-200-alumnos-de-preescolar-ya-se-han-graduado-de-forma-100-online\/jio-graduacion2021-f\/'><img loading=\"lazy\" decoding=\"async\" width=\"800\" height=\"800\" src=\"https:\/\/jardininfantilonline.cl\/wp-content\/uploads\/2022\/01\/JIO-Graduacion2021-F-1024x1024.png\" class=\"attachment-large size-large\" alt=\"\" srcset=\"https:\/\/jardininfantilonline.cl\/wp-content\/uploads\/2022\/01\/JIO-Graduacion2021-F-1024x1024.png 1024w, https:\/\/jardininfantilonline.cl\/wp-content\/uploads\/2022\/01\/JIO-Graduacion2021-F-300x300.png 300w, https:\/\/jardininfantilonline.cl\/wp-content\/uploads\/2022\/01\/JIO-Graduacion2021-F-150x150.png 150w, https:\/\/jardininfantilonline.cl\/wp-content\/uploads\/2022\/01\/JIO-Graduacion2021-F-768x768.png 768w, https:\/\/jardininfantilonline.cl\/wp-content\/uploads\/2022\/01\/JIO-Graduacion2021-F-600x600.png 600w, https:\/\/jardininfantilonline.cl\/wp-content\/uploads\/2022\/01\/JIO-Graduacion2021-F-100x100.png 100w, https:\/\/jardininfantilonline.cl\/wp-content\/uploads\/2022\/01\/JIO-Graduacion2021-F.png 1200w\" sizes=\"(max-width: 800px) 100vw, 800px\" \/><\/a>\n\t\t\t<\/div><\/figure>\n\t\t<\/div>\n\n\n\n<p><\/p>\n","protected":false},"excerpt":{"rendered":"<p>Es probable que muchos de nosotros hayamos pensado a principio de esta pandemia en que los ni\u00f1os de preescolar ser\u00edan los m\u00e1s afectados, ya que por su corta edad 2 a 5 a\u00f1os, no ser\u00edan capaces de mantenerse conectados y concentrados frente a una pantalla. Pero la verdad es otra muy diferente ya que estamos [&hellip;]<\/p>\n","protected":false},"author":1,"featured_media":0,"comment_status":"open","ping_status":"open","sticky":false,"template":"","format":"standard","meta":{"footnotes":""},"categories":[110],"tags":[],"class_list":["post-22027","post","type-post","status-publish","format-standard","hentry","category-blog"],"_links":{"self":[{"href":"https:\/\/jardininfantilonline.cl\/index.php\/wp-json\/wp\/v2\/posts\/22027","targetHints":{"allow":["GET"]}}],"collection":[{"href":"https:\/\/jardininfantilonline.cl\/index.php\/wp-json\/wp\/v2\/posts"}],"about":[{"href":"https:\/\/jardininfantilonline.cl\/index.php\/wp-json\/wp\/v2\/types\/post"}],"author":[{"embeddable":true,"href":"https:\/\/jardininfantilonline.cl\/index.php\/wp-json\/wp\/v2\/users\/1"}],"replies":[{"embeddable":true,"href":"https:\/\/jardininfantilonline.cl\/index.php\/wp-json\/wp\/v2\/comments?post=22027"}],"version-history":[{"count":6,"href":"https:\/\/jardininfantilonline.cl\/index.php\/wp-json\/wp\/v2\/posts\/22027\/revisions"}],"predecessor-version":[{"id":22050,"href":"https:\/\/jardininfantilonline.cl\/index.php\/wp-json\/wp\/v2\/posts\/22027\/revisions\/22050"}],"wp:attachment":[{"href":"https:\/\/jardininfantilonline.cl\/index.php\/wp-json\/wp\/v2\/media?parent=22027"}],"wp:term":[{"taxonomy":"category","embeddable":true,"href":"https:\/\/jardininfantilonline.cl\/index.php\/wp-json\/wp\/v2\/categories?post=22027"},{"taxonomy":"post_tag","embeddable":true,"href":"https:\/\/jardininfantilonline.cl\/index.php\/wp-json\/wp\/v2\/tags?post=22027"}],"curies":[{"name":"wp","href":"https:\/\/api.w.org\/{rel}","templated":true}]}}